{"id":81,"date":"2020-12-11T14:11:56","date_gmt":"2020-12-11T14:11:56","guid":{"rendered":"https:\/\/www.psicologopablo.com\/?p=81"},"modified":"2020-12-11T14:16:05","modified_gmt":"2020-12-11T14:16:05","slug":"el-primer-paso","status":"publish","type":"post","link":"https:\/\/www.psicologopablo.com\/index.php\/2020\/12\/11\/el-primer-paso\/","title":{"rendered":"El primer paso"},"content":{"rendered":"\n<p id=\"block-95dd0ddb-7ce6-4b7f-9819-e5d7fa136c50\">No hay lugar ni momento al que se llegue sin un comienzo, sin un primer paso en esa direcci\u00f3n. A veces, hasta no hay direcci\u00f3n, o no la conocemos, y a\u00fan as\u00ed hay que dar ese primer paso, con incertidumbre, con dudas, con miedos.<\/p>\n\n\n\n<p id=\"block-efa1a0e4-a14e-4c18-8fa5-5f2831d0b830\">La vida es un continuo avance, un continuo cambio, nada permanece est\u00e1tico y, sin embargo, nuestro sue\u00f1o, nuestra idea de felicidad, suele ser una foto fija, un querer que este o ese momento sean para siempre.<\/p>\n\n\n\n<p id=\"block-f6f9d1fe-f608-4fc7-a7e2-3c47754e1bd8\">Es dificil vivir, vamos experimentando, aprendiendo, y atravesamos momentos de todo tipo, de felicidad, de instatisfacci\u00f3n, de tristeza, de ilusi\u00f3n&#8230; y todo ello forma parte de la vida.<\/p>\n\n\n\n<p id=\"block-759b5947-7105-499f-84f1-649689b58ba7\">Aunque deseemos que algunos no existan.<\/p>\n\n\n\n<p id=\"block-27a972e9-8594-4f03-85b9-1a3ba21f5b45\">El bienestar es posible, y lo es debido a que no se trata de un positivismo inmortal, no se refiere a un enga\u00f1arse y ver luz donde quiz\u00e1s hay oscuridad.<\/p>\n\n\n\n<p id=\"block-f0e0c9f1-bca9-4cc9-8ad5-07bc460e94c2\">El bienestar trata de uno mismo consigo mismo.<\/p>\n\n\n\n<p id=\"block-b2e65d3b-9d0d-4238-8e4e-0e97b7ebce03\">Hay un primer paso en ello, acudir a terapia puede ser uno. Cada uno decide su momento y su lugar, pero aunque a\u00fan no lo hayas encontrado, existe.<\/p>\n\n\n\n<p id=\"block-70ec2f63-9087-456f-8494-1094258c4ef2\">Las cosas pueden cambiar, se trata de dar ese primer paso.<\/p>\n\n\n\n<p id=\"block-71bcb50f-b61c-47ef-8796-a9e9bc39fa40\"><em>Pablo Fern\u00e1ndez D\u00edaz. Psic\u00f3logo. Psicoterapeuta Humanista Integrativo<\/em>.<\/p>\n","protected":false},"excerpt":{"rendered":"<p>No hay lugar ni momento al que se llegue sin un comienzo, sin un primer paso en esa direcci\u00f3n. A veces, hasta no hay direcci\u00f3n, o no la conocemos, y a\u00fan as\u00ed hay que dar ese primer paso, con incertidumbre, con dudas, con miedos. La vida es un continuo avance, un continuo cambio, nada permanece &hellip; <\/p>\n<p class=\"link-more\"><a href=\"https:\/\/www.psicologopablo.com\/index.php\/2020\/12\/11\/el-primer-paso\/\" class=\"more-link\">Continuar leyendo<span class=\"screen-reader-text\"> \u00abEl primer paso\u00bb<\/span><\/a><\/p>\n","protected":false},"author":1,"featured_media":79,"comment_status":"open","ping_status":"open","sticky":false,"template":"","format":"standard","meta":{"_monsterinsights_skip_tracking":false,"_monsterinsights_sitenote_active":false,"_monsterinsights_sitenote_note":"","_monsterinsights_sitenote_category":0,"footnotes":""},"categories":[5],"tags":[],"_links":{"self":[{"href":"https:\/\/www.psicologopablo.com\/index.php\/wp-json\/wp\/v2\/posts\/81"}],"collection":[{"href":"https:\/\/www.psicologopablo.com\/index.php\/wp-json\/wp\/v2\/posts"}],"about":[{"href":"https:\/\/www.psicologopablo.com\/index.php\/wp-json\/wp\/v2\/types\/post"}],"author":[{"embeddable":true,"href":"https:\/\/www.psicologopablo.com\/index.php\/wp-json\/wp\/v2\/users\/1"}],"replies":[{"embeddable":true,"href":"https:\/\/www.psicologopablo.com\/index.php\/wp-json\/wp\/v2\/comments?post=81"}],"version-history":[{"count":2,"href":"https:\/\/www.psicologopablo.com\/index.php\/wp-json\/wp\/v2\/posts\/81\/revisions"}],"predecessor-version":[{"id":84,"href":"https:\/\/www.psicologopablo.com\/index.php\/wp-json\/wp\/v2\/posts\/81\/revisions\/84"}],"wp:featuredmedia":[{"embeddable":true,"href":"https:\/\/www.psicologopablo.com\/index.php\/wp-json\/wp\/v2\/media\/79"}],"wp:attachment":[{"href":"https:\/\/www.psicologopablo.com\/index.php\/wp-json\/wp\/v2\/media?parent=81"}],"wp:term":[{"taxonomy":"category","embeddable":true,"href":"https:\/\/www.psicologopablo.com\/index.php\/wp-json\/wp\/v2\/categories?post=81"},{"taxonomy":"post_tag","embeddable":true,"href":"https:\/\/www.psicologopablo.com\/index.php\/wp-json\/wp\/v2\/tags?post=81"}],"curies":[{"name":"wp","href":"https:\/\/api.w.org\/{rel}","templated":true}]}}