{"id":237,"date":"2022-12-20T17:45:42","date_gmt":"2022-12-20T17:45:42","guid":{"rendered":"https:\/\/www.psicologopablo.com\/?p=237"},"modified":"2022-12-20T17:45:44","modified_gmt":"2022-12-20T17:45:44","slug":"fin-de-ano","status":"publish","type":"post","link":"https:\/\/www.psicologopablo.com\/index.php\/2022\/12\/20\/fin-de-ano\/","title":{"rendered":"FIN DE A\u00d1O"},"content":{"rendered":"\n<h2 class=\"wp-block-heading\">Llega un nuevo fin de a\u00f1o y por consiguiente un nuevo comienzo de a\u00f1o. Quiz\u00e1s no existen los espacios vac\u00edos. Despu\u00e9s de, siempre hay.<\/h2>\n\n\n\n<p>Est\u00e1 ser\u00e1 la \u00faltima entrada de este a\u00f1o as\u00ed que me gustar\u00eda simplemente hablar de m\u00ed.<\/p>\n\n\n\n<p>Detr\u00e1s de un escrito, un v\u00eddeo, cualquier tipo de creaci\u00f3n&#8230;siempre hay una o varias personas.<\/p>\n\n\n\n<p>Son las relaciones las que unen, las que sanan y las que tambi\u00e9n pueden da\u00f1ar.<\/p>\n\n\n\n<p>La relaci\u00f3n m\u00e1s importante, la primera por la que empezar, es la que tenemos con nosotros\/as mismos\/as.<\/p>\n\n\n\n<p>Si algo he aprendido a lo largo de los \u00faltimos a\u00f1os ha sido a tener una buena relaci\u00f3n conmigo mismo.<\/p>\n\n\n\n<p>Tuve la suerte de realizar una formaci\u00f3n human\u00edstica con incre\u00edbles personas que me llev\u00f3 a comprenderme y aceptarme de una forma muy plena.<\/p>\n\n\n\n<p>Adquirir esos aprendizajes y aquellas vivencias como estilo de vida ha sido lo que me ha permitido y permite, cada d\u00eda, poder estar bien.<\/p>\n\n\n\n<p>No quiere decir que no ocurran cosas malas, que no haya momentos peores, quiere decir que uno deja de sufrir por muchas de las cosas que tienen que ver con las propias exigencias, machaques, deseos, frustraciones&#8230;<\/p>\n\n\n\n<p>El estar bien conmigo mismo es lo que me permite dar un buen acompa\u00f1amiento, eso es algo que no admite duda.<\/p>\n\n\n\n<p>Es de lo que trata la terapia entendida como estilo de vida. Aprender y dar importancia al auto cuidado en toda su expresi\u00f3n.<\/p>\n\n\n\n<p>Y llevarlo a cabo.<\/p>\n\n\n\n<p>D\u00eda a d\u00eda.<\/p>\n\n\n\n<p>A\u00f1o a a\u00f1o.<\/p>\n\n\n\n<p>Momento a momento.<\/p>\n\n\n\n<p>Y as\u00ed.<\/p>\n\n\n\n<p>Siempre.<\/p>\n\n\n\n<p>Feliz Navidad. <\/p>\n\n\n\n<p>Pablo Fern\u00e1ndez D\u00edaz, Psic\u00f3logo y Psicoterapeuta Humanista<\/p>\n","protected":false},"excerpt":{"rendered":"<p>Llega un nuevo fin de a\u00f1o y por consiguiente un nuevo comienzo de a\u00f1o. Quiz\u00e1s no existen los espacios vac\u00edos. Despu\u00e9s de, siempre hay. Est\u00e1 ser\u00e1 la \u00faltima entrada de este a\u00f1o as\u00ed que me gustar\u00eda simplemente hablar de m\u00ed. Detr\u00e1s de un escrito, un v\u00eddeo, cualquier tipo de creaci\u00f3n&#8230;siempre hay una o varias personas. &hellip; <\/p>\n<p class=\"link-more\"><a href=\"https:\/\/www.psicologopablo.com\/index.php\/2022\/12\/20\/fin-de-ano\/\" class=\"more-link\">Continuar leyendo<span class=\"screen-reader-text\"> \u00abFIN DE A\u00d1O\u00bb<\/span><\/a><\/p>\n","protected":false},"author":1,"featured_media":238,"comment_status":"open","ping_status":"open","sticky":false,"template":"","format":"standard","meta":{"_monsterinsights_skip_tracking":false,"_monsterinsights_sitenote_active":false,"_monsterinsights_sitenote_note":"","_monsterinsights_sitenote_category":0,"footnotes":""},"categories":[1],"tags":[],"_links":{"self":[{"href":"https:\/\/www.psicologopablo.com\/index.php\/wp-json\/wp\/v2\/posts\/237"}],"collection":[{"href":"https:\/\/www.psicologopablo.com\/index.php\/wp-json\/wp\/v2\/posts"}],"about":[{"href":"https:\/\/www.psicologopablo.com\/index.php\/wp-json\/wp\/v2\/types\/post"}],"author":[{"embeddable":true,"href":"https:\/\/www.psicologopablo.com\/index.php\/wp-json\/wp\/v2\/users\/1"}],"replies":[{"embeddable":true,"href":"https:\/\/www.psicologopablo.com\/index.php\/wp-json\/wp\/v2\/comments?post=237"}],"version-history":[{"count":1,"href":"https:\/\/www.psicologopablo.com\/index.php\/wp-json\/wp\/v2\/posts\/237\/revisions"}],"predecessor-version":[{"id":239,"href":"https:\/\/www.psicologopablo.com\/index.php\/wp-json\/wp\/v2\/posts\/237\/revisions\/239"}],"wp:featuredmedia":[{"embeddable":true,"href":"https:\/\/www.psicologopablo.com\/index.php\/wp-json\/wp\/v2\/media\/238"}],"wp:attachment":[{"href":"https:\/\/www.psicologopablo.com\/index.php\/wp-json\/wp\/v2\/media?parent=237"}],"wp:term":[{"taxonomy":"category","embeddable":true,"href":"https:\/\/www.psicologopablo.com\/index.php\/wp-json\/wp\/v2\/categories?post=237"},{"taxonomy":"post_tag","embeddable":true,"href":"https:\/\/www.psicologopablo.com\/index.php\/wp-json\/wp\/v2\/tags?post=237"}],"curies":[{"name":"wp","href":"https:\/\/api.w.org\/{rel}","templated":true}]}}