{"id":233,"date":"2022-10-15T17:28:17","date_gmt":"2022-10-15T17:28:17","guid":{"rendered":"https:\/\/www.psicologopablo.com\/?p=233"},"modified":"2022-10-15T17:28:19","modified_gmt":"2022-10-15T17:28:19","slug":"es-posible-gestionar-la-ansiedad","status":"publish","type":"post","link":"https:\/\/www.psicologopablo.com\/index.php\/2022\/10\/15\/es-posible-gestionar-la-ansiedad\/","title":{"rendered":"\u00bfES POSIBLE GESTIONAR LA ANSIEDAD?"},"content":{"rendered":"\n<h2 class=\"wp-block-heading\">En nuestros d\u00edas la ansiedad se ha convertido en uno de los principales malestares de la sociedad, muchas son las personas que llevan intentando combatirlo durante a\u00f1os pero, \u00bfes realmente posible gestionar la ansiedad?<\/h2>\n\n\n\n<p>Seguramente muchas personas hemos pasado por momentos de ansiedad, sabemos bien lo que es esa sensaci\u00f3n en el pecho, esa dificultad para respirar con normalidad.<\/p>\n\n\n\n<p>Muchas quiz\u00e1s han tenido que recurrir a la medicaci\u00f3n para solventar esos momentos.<\/p>\n\n\n\n<p>Y otras muchas quiz\u00e1s llevan a\u00f1os tomando ansiol\u00edticos.<\/p>\n\n\n\n<p>Ya sea la ansiedad como algo puntual o la ansiedad como algo m\u00e1s cr\u00f3nico lo que a todas las personas nos gustar\u00eda es saber si se puede controlar.<\/p>\n\n\n\n<p>La respuesta es s\u00ed.<\/p>\n\n\n\n<p>Desgraciadamente muchas personas que acuden a terapia con ansiedad no han tenido, para empezar, una buena explicaci\u00f3n de lo que es la ansiedad.<\/p>\n\n\n\n<p>Y no digo a c\u00f3mo se siente, sino a saber qu\u00e9 es.<\/p>\n\n\n\n<p>La ansiedad es un tipo de miedo con una gran diferencia frente al miedo propiamente dicho.<\/p>\n\n\n\n<p>El miedo en s\u00ed es la emoci\u00f3n que sentimos ante algo real, algo que ahora mismo est\u00e1 sucediendo.<\/p>\n\n\n\n<p>La ansiedad es un miedo anticipatorio, es decir, a algo que a\u00fan no est\u00e1 ocurriendo y que en muchos casos no tiene porqu\u00e9 ocurrir.<\/p>\n\n\n\n<p>Esas frases que muchas veces escuchamos en nuestra cabeza encabezadas por el \u201cy si..?\u00bb<\/p>\n\n\n\n<p>Por eso la gesti\u00f3n y el manejo de la ansiedad es totalmente un objetivo posible.<\/p>\n\n\n\n<p>Dentro del tipo de terapia en el que trabajo una m\u00e1xima de base es el darse cuenta.<\/p>\n\n\n\n<p>Somos la persona con la que m\u00e1s hablamos pero pr\u00e1cticamente toda esa conversaci\u00f3n nos pasa desapercibida.<\/p>\n\n\n\n<p>No hay ansiedad sin la intermediaci\u00f3n del pensamiento y es por eso por lo que se puede controlar y cambiar.<\/p>\n\n\n\n<p>Primero empezamos por darnos cuenta de qu\u00e9 nos decimos, despu\u00e9s empezamos a separar lo que es real de lo que no, seguimos con el buen trato, no castigarnos ni fustigarnos, y finalizamos entendiendo todo ello como un estilo de vida, algo que llevamos incorporado en nuestro d\u00eda a d\u00eda.<\/p>\n\n\n\n<p>\u00bfCrees que no hay soluci\u00f3n para la ansiedad? Date la oportunidad de ver que s\u00ed la hay.<\/p>\n\n\n\n<p>Un abrazo.<br><em>Pablo Fern\u00e1ndez D\u00edaz. Psic\u00f3logo. Psicoterapeuta Humanista Integrativo.<\/em><\/p>\n","protected":false},"excerpt":{"rendered":"<p>En nuestros d\u00edas la ansiedad se ha convertido en uno de los principales malestares de la sociedad, muchas son las personas que llevan intentando combatirlo durante a\u00f1os pero, \u00bfes realmente posible gestionar la ansiedad? Seguramente muchas personas hemos pasado por momentos de ansiedad, sabemos bien lo que es esa sensaci\u00f3n en el pecho, esa dificultad &hellip; <\/p>\n<p class=\"link-more\"><a href=\"https:\/\/www.psicologopablo.com\/index.php\/2022\/10\/15\/es-posible-gestionar-la-ansiedad\/\" class=\"more-link\">Continuar leyendo<span class=\"screen-reader-text\"> \u00ab\u00bfES POSIBLE GESTIONAR LA ANSIEDAD?\u00bb<\/span><\/a><\/p>\n","protected":false},"author":1,"featured_media":234,"comment_status":"open","ping_status":"open","sticky":false,"template":"","format":"standard","meta":{"_monsterinsights_skip_tracking":false,"_monsterinsights_sitenote_active":false,"_monsterinsights_sitenote_note":"","_monsterinsights_sitenote_category":0,"footnotes":""},"categories":[5],"tags":[],"_links":{"self":[{"href":"https:\/\/www.psicologopablo.com\/index.php\/wp-json\/wp\/v2\/posts\/233"}],"collection":[{"href":"https:\/\/www.psicologopablo.com\/index.php\/wp-json\/wp\/v2\/posts"}],"about":[{"href":"https:\/\/www.psicologopablo.com\/index.php\/wp-json\/wp\/v2\/types\/post"}],"author":[{"embeddable":true,"href":"https:\/\/www.psicologopablo.com\/index.php\/wp-json\/wp\/v2\/users\/1"}],"replies":[{"embeddable":true,"href":"https:\/\/www.psicologopablo.com\/index.php\/wp-json\/wp\/v2\/comments?post=233"}],"version-history":[{"count":1,"href":"https:\/\/www.psicologopablo.com\/index.php\/wp-json\/wp\/v2\/posts\/233\/revisions"}],"predecessor-version":[{"id":235,"href":"https:\/\/www.psicologopablo.com\/index.php\/wp-json\/wp\/v2\/posts\/233\/revisions\/235"}],"wp:featuredmedia":[{"embeddable":true,"href":"https:\/\/www.psicologopablo.com\/index.php\/wp-json\/wp\/v2\/media\/234"}],"wp:attachment":[{"href":"https:\/\/www.psicologopablo.com\/index.php\/wp-json\/wp\/v2\/media?parent=233"}],"wp:term":[{"taxonomy":"category","embeddable":true,"href":"https:\/\/www.psicologopablo.com\/index.php\/wp-json\/wp\/v2\/categories?post=233"},{"taxonomy":"post_tag","embeddable":true,"href":"https:\/\/www.psicologopablo.com\/index.php\/wp-json\/wp\/v2\/tags?post=233"}],"curies":[{"name":"wp","href":"https:\/\/api.w.org\/{rel}","templated":true}]}}