{"id":218,"date":"2022-03-21T14:54:09","date_gmt":"2022-03-21T14:54:09","guid":{"rendered":"https:\/\/www.psicologopablo.com\/?p=218"},"modified":"2022-03-21T14:56:22","modified_gmt":"2022-03-21T14:56:22","slug":"cada-dia","status":"publish","type":"post","link":"https:\/\/www.psicologopablo.com\/index.php\/2022\/03\/21\/cada-dia\/","title":{"rendered":"CADA D\u00cdA"},"content":{"rendered":"\n<h2 class=\"wp-block-heading\">Vivir es un acto presente, una acci\u00f3n, una determinaci\u00f3n, una decisi\u00f3n. Es por ello que cada d\u00eda hay que tomar la responsabilidad de vivir de la forma m\u00e1s sana y de la mejor manera posible.<\/h2>\n\n\n\n<p>Muchas veces el malestar mental o emocional viene de no estar a gusto con la vida que tenemos, con c\u00f3mo vivimos o las decisiones que tomamos o hemos tomado.<\/p>\n\n\n\n<p>Cierto es que vivir parece que debiera ser algo natural, que la inercia del tiempo, de la vida, har\u00e1 que todo fluya.<\/p>\n\n\n\n<p>Pero no es as\u00ed.<\/p>\n\n\n\n<p>La vida y el bienestar propio son responsabilidad de cada persona.<\/p>\n\n\n\n<p>Y cada d\u00eda hay que vivir, por ello que cada d\u00eda  deber\u00eda ser un acto de responsabilidad con respecto a nosotros\/as mismos\/as.<\/p>\n\n\n\n<p>Ah\u00ed la dificultad.<\/p>\n\n\n\n<p>A veces dejamos problemas sin resolver, emociones enquistadas, decisiones \u201cpara despu\u00e9s\u201d, necesidades sin cubrir&#8230;<\/p>\n\n\n\n<p>Esperamos que llegue el d\u00eda en que la vida resuelva todo ello.<\/p>\n\n\n\n<p>Pero debe ser cada persona la que a cada momento marque su camino, la que tome su propia responsabilidad.<\/p>\n\n\n\n<p>Es un esfuerzo, un sacrificio, pero si queremos un bienestar emocional, personal, debe ser as\u00ed.<\/p>\n\n\n\n<p>Date un espacio, date un momento, coge papel y l\u00e1piz si hace falta.<\/p>\n\n\n\n<p>Apunta las cosas que te gustar\u00eda cambiar, piensa en formas para resolverlas, ap\u00f3yate en personas que te puedan ayudar.<\/p>\n\n\n\n<p>Cada d\u00eda lev\u00e1ntate con el prop\u00f3sito no ya de vivir, sino de vivirlo.<\/p>\n\n\n\n<p>No desees que el d\u00eda acabe para que empiece otro. Vive de la mejor manera para ti y ver\u00e1s c\u00f3mo los d\u00edas pasan lo mejor posible.<\/p>\n\n\n\n<p>Tanto en el bienestar como en el malestar.<\/p>\n\n\n\n<p>Amarse, respetarse, perdonarse.<\/p>\n\n\n\n<p>El buen trato es indispensable.<\/p>\n\n\n\n<p>Y a vivir.<\/p>\n\n\n\n<p><em>Pablo Fern\u00e1ndez D\u00edaz. Psic\u00f3logo. Psicoterapeuta Humanista.<\/em><\/p>\n","protected":false},"excerpt":{"rendered":"<p>Vivir es un acto presente, una acci\u00f3n, una determinaci\u00f3n, una decisi\u00f3n. Es por ello que cada d\u00eda hay que tomar la responsabilidad de vivir de la forma m\u00e1s sana y de la mejor manera posible. Muchas veces el malestar mental o emocional viene de no estar a gusto con la vida que tenemos, con c\u00f3mo &hellip; <\/p>\n<p class=\"link-more\"><a href=\"https:\/\/www.psicologopablo.com\/index.php\/2022\/03\/21\/cada-dia\/\" class=\"more-link\">Continuar leyendo<span class=\"screen-reader-text\"> \u00abCADA D\u00cdA\u00bb<\/span><\/a><\/p>\n","protected":false},"author":1,"featured_media":219,"comment_status":"open","ping_status":"open","sticky":false,"template":"","format":"standard","meta":{"_monsterinsights_skip_tracking":false,"_monsterinsights_sitenote_active":false,"_monsterinsights_sitenote_note":"","_monsterinsights_sitenote_category":0,"footnotes":""},"categories":[5],"tags":[],"_links":{"self":[{"href":"https:\/\/www.psicologopablo.com\/index.php\/wp-json\/wp\/v2\/posts\/218"}],"collection":[{"href":"https:\/\/www.psicologopablo.com\/index.php\/wp-json\/wp\/v2\/posts"}],"about":[{"href":"https:\/\/www.psicologopablo.com\/index.php\/wp-json\/wp\/v2\/types\/post"}],"author":[{"embeddable":true,"href":"https:\/\/www.psicologopablo.com\/index.php\/wp-json\/wp\/v2\/users\/1"}],"replies":[{"embeddable":true,"href":"https:\/\/www.psicologopablo.com\/index.php\/wp-json\/wp\/v2\/comments?post=218"}],"version-history":[{"count":2,"href":"https:\/\/www.psicologopablo.com\/index.php\/wp-json\/wp\/v2\/posts\/218\/revisions"}],"predecessor-version":[{"id":222,"href":"https:\/\/www.psicologopablo.com\/index.php\/wp-json\/wp\/v2\/posts\/218\/revisions\/222"}],"wp:featuredmedia":[{"embeddable":true,"href":"https:\/\/www.psicologopablo.com\/index.php\/wp-json\/wp\/v2\/media\/219"}],"wp:attachment":[{"href":"https:\/\/www.psicologopablo.com\/index.php\/wp-json\/wp\/v2\/media?parent=218"}],"wp:term":[{"taxonomy":"category","embeddable":true,"href":"https:\/\/www.psicologopablo.com\/index.php\/wp-json\/wp\/v2\/categories?post=218"},{"taxonomy":"post_tag","embeddable":true,"href":"https:\/\/www.psicologopablo.com\/index.php\/wp-json\/wp\/v2\/tags?post=218"}],"curies":[{"name":"wp","href":"https:\/\/api.w.org\/{rel}","templated":true}]}}