{"id":202,"date":"2021-08-20T14:55:21","date_gmt":"2021-08-20T14:55:21","guid":{"rendered":"https:\/\/www.psicologopablo.com\/?p=202"},"modified":"2021-08-20T14:55:22","modified_gmt":"2021-08-20T14:55:22","slug":"existo-en-lo-que-pienso","status":"publish","type":"post","link":"https:\/\/www.psicologopablo.com\/index.php\/2021\/08\/20\/existo-en-lo-que-pienso\/","title":{"rendered":"EXISTO EN LO QUE PIENSO"},"content":{"rendered":"\n<h2 class=\"wp-block-heading\">Darse cuenta de nuestro pensamiento, de lo que nos decimos y c\u00f3mo nos lo decimos, es clave para el bienestar.<\/h2>\n\n\n\n<p>Varias veces he hablado en otras entradas de la importancia de darse cuenta de nuestros pensamientos.<\/p>\n\n\n\n<p>Vuelvo a ello por que es algo b\u00e1sico, somos en gran parte lo que pensamos a un nivel consciente e inconsciente.<\/p>\n\n\n\n<p>Hablamos constantemente con nosotros mismos, pero poco es lo que escuchamos y atendemos de ello.<\/p>\n\n\n\n<p>Muchas de las cosas que sentimos vienen determinadas por lo sucedido en nuestra vida.<\/p>\n\n\n\n<p>Y, a su vez, mucho de lo sucedido en nuestra vida tiene que ver con lo que nos decimos y nos dijimos acerca de lo sucedido.<\/p>\n\n\n\n<p>Es ah\u00ed donde es importante poner el foco.<\/p>\n\n\n\n<p>Si me da verg\u00fcenza quedar mal delante de otras personas por lo que pueda decir tiene que ver con que en un momento dado me hicieron sentir o sent\u00ed esa verg\u00fcenza.<\/p>\n\n\n\n<p>En el primer caso pudo ser que alguien me hiciera avergonzarme, pero que eso quedase grabado en m\u00ed tiene que ver con que yo mismo cre\u00ed que ten\u00edan raz\u00f3n.<\/p>\n\n\n\n<p>Yo mismo me avergonc\u00e9 de m\u00ed mismo, y eso vino a trav\u00e9s de lo que me dije en ese momento o a posteriori.<\/p>\n\n\n\n<p>Las emociones son instant\u00e1neas e incontrolables, pero los sentimientos son construidos a partir de lo que me digo acerca de esa emoci\u00f3n.<\/p>\n\n\n\n<p>Por eso la importancia de hablarse bien, de ser compasivo y compasiva con nuestra propia persona.<\/p>\n\n\n\n<p>La importancia de querernos por lo que somos no por lo que somos capaces o no de hacer.<\/p>\n\n\n\n<p>La importancia de respetar nuestras decisiones, de perdonar nuestros errores y tropiezos.<\/p>\n\n\n\n<p>Tr\u00e1tate como tratar\u00edas a la persona que m\u00e1s quieres.<\/p>\n\n\n\n<p>Esc\u00fachate. <\/p>\n\n\n\n<p>El cambio comienza ah\u00ed mismo.<\/p>\n\n\n\n<p><em>Pablo Fern\u00e1ndez D\u00edaz. Psic\u00f3logo. Psicoterapeuta Humanista.<\/em><\/p>\n","protected":false},"excerpt":{"rendered":"<p>Darse cuenta de nuestro pensamiento, de lo que nos decimos y c\u00f3mo nos lo decimos, es clave para el bienestar. Varias veces he hablado en otras entradas de la importancia de darse cuenta de nuestros pensamientos. Vuelvo a ello por que es algo b\u00e1sico, somos en gran parte lo que pensamos a un nivel consciente &hellip; <\/p>\n<p class=\"link-more\"><a href=\"https:\/\/www.psicologopablo.com\/index.php\/2021\/08\/20\/existo-en-lo-que-pienso\/\" class=\"more-link\">Continuar leyendo<span class=\"screen-reader-text\"> \u00abEXISTO EN LO QUE PIENSO\u00bb<\/span><\/a><\/p>\n","protected":false},"author":1,"featured_media":203,"comment_status":"open","ping_status":"open","sticky":false,"template":"","format":"standard","meta":{"_monsterinsights_skip_tracking":false,"_monsterinsights_sitenote_active":false,"_monsterinsights_sitenote_note":"","_monsterinsights_sitenote_category":0,"footnotes":""},"categories":[5],"tags":[],"_links":{"self":[{"href":"https:\/\/www.psicologopablo.com\/index.php\/wp-json\/wp\/v2\/posts\/202"}],"collection":[{"href":"https:\/\/www.psicologopablo.com\/index.php\/wp-json\/wp\/v2\/posts"}],"about":[{"href":"https:\/\/www.psicologopablo.com\/index.php\/wp-json\/wp\/v2\/types\/post"}],"author":[{"embeddable":true,"href":"https:\/\/www.psicologopablo.com\/index.php\/wp-json\/wp\/v2\/users\/1"}],"replies":[{"embeddable":true,"href":"https:\/\/www.psicologopablo.com\/index.php\/wp-json\/wp\/v2\/comments?post=202"}],"version-history":[{"count":1,"href":"https:\/\/www.psicologopablo.com\/index.php\/wp-json\/wp\/v2\/posts\/202\/revisions"}],"predecessor-version":[{"id":204,"href":"https:\/\/www.psicologopablo.com\/index.php\/wp-json\/wp\/v2\/posts\/202\/revisions\/204"}],"wp:featuredmedia":[{"embeddable":true,"href":"https:\/\/www.psicologopablo.com\/index.php\/wp-json\/wp\/v2\/media\/203"}],"wp:attachment":[{"href":"https:\/\/www.psicologopablo.com\/index.php\/wp-json\/wp\/v2\/media?parent=202"}],"wp:term":[{"taxonomy":"category","embeddable":true,"href":"https:\/\/www.psicologopablo.com\/index.php\/wp-json\/wp\/v2\/categories?post=202"},{"taxonomy":"post_tag","embeddable":true,"href":"https:\/\/www.psicologopablo.com\/index.php\/wp-json\/wp\/v2\/tags?post=202"}],"curies":[{"name":"wp","href":"https:\/\/api.w.org\/{rel}","templated":true}]}}