{"id":192,"date":"2021-06-21T17:15:00","date_gmt":"2021-06-21T17:15:00","guid":{"rendered":"https:\/\/www.psicologopablo.com\/?p=192"},"modified":"2021-06-21T17:15:40","modified_gmt":"2021-06-21T17:15:40","slug":"lo-de-dentro","status":"publish","type":"post","link":"https:\/\/www.psicologopablo.com\/index.php\/2021\/06\/21\/lo-de-dentro\/","title":{"rendered":"LO DE DENTRO"},"content":{"rendered":"\n<h2 class=\"wp-block-heading\">La vida empieza a cambiar cuando te das cuenta que, lo que crees que tiene una causa externa, en realidad, la tiene interna.<\/h2>\n\n\n\n<p>Puede ser una de las cosas m\u00e1s importantes y a la vez m\u00e1s dif\u00edciles de ver y aceptar, el ser consciente de nuestra realidad interna.<\/p>\n\n\n\n<p>Somos seres limitados en tanto que tenemos un cuerpo, unos sentimientos, unos sentidos.<\/p>\n\n\n\n<p>Ello hace que la realidad sea percibida.<\/p>\n\n\n\n<p>\u00bfQu\u00e9 significa esto?<\/p>\n\n\n\n<p>Pues que nuestra realidad es una realidad filtrada por nuestro ser.<\/p>\n\n\n\n<p>Significa que lo que nos mueve o toca en cualquier sentido, es porque ha tenido una repercusi\u00f3n en nosotros.<\/p>\n\n\n\n<p>Quiere decir que cuando algo nos llega, de buena o mala manera, es porque contacta con algo de nuestra historia de vida, de nuestra forma de ser.<\/p>\n\n\n\n<p>Si digo que alguien me enfada realmente estoy enga\u00f1\u00e1ndome, ya que el que me enfado soy yo por una actitud del otro.<\/p>\n\n\n\n<p>Pero, \u00bfqu\u00e9 toca en m\u00ed para que yo me enfade?<\/p>\n\n\n\n<p>Eso es descubrirse uno mismo.<\/p>\n\n\n\n<p>\u00bfQu\u00e9 hay en m\u00ed cuando me indigno, cuando amo, cuando me averg\u00fcenzo, cuando me frustro, cuando me emociono?<\/p>\n\n\n\n<p>Normalmente entendemos que la respuesta viene de lo que ocurre fuera.<\/p>\n\n\n\n<p>Pero todo viene de lo que llevamos dentro.<\/p>\n\n\n\n<p>No me da miedo la oscuridad, yo tengo miedo a la oscuridad. <\/p>\n\n\n\n<p>No es la oscuridad, soy yo con respecto a ella.<\/p>\n\n\n\n<p>Puede parecer lo mismo, pero para nada lo es.<\/p>\n\n\n\n<p>Y es en ese momento que uno asume su parte, la totalidad de su bienestar, cuando se da cuenta de que el cambio interno promueve lo externo, cuando todo cambia.<\/p>\n\n\n\n<p>Encontramos la tranquilidad, la serenidad, la seguridad.<\/p>\n\n\n\n<p>Dejamos de ansiar, de desesperar, de temer, de frustrarnos, o nos puede venir esa emoci\u00f3n, pero no se apodera de nosotros.<\/p>\n\n\n\n<p>Aceptamos que construimos nuestra realidad. No se trata de conformarse, de no poner l\u00edmites, precisamente es todo lo contrario.<\/p>\n\n\n\n<p>Es coger nuestro tim\u00f3n y elegir nuestros vientos.<\/p>\n\n\n\n<p>Es vivir(se).<\/p>\n\n\n\n<p><em>Pablo Fern\u00e1ndez D\u00edaz. Psic\u00f3logo y Psicoterapeuta Humanista.<\/em><\/p>\n","protected":false},"excerpt":{"rendered":"<p>La vida empieza a cambiar cuando te das cuenta que, lo que crees que tiene una causa externa, en realidad, la tiene interna. Puede ser una de las cosas m\u00e1s importantes y a la vez m\u00e1s dif\u00edciles de ver y aceptar, el ser consciente de nuestra realidad interna. Somos seres limitados en tanto que tenemos &hellip; <\/p>\n<p class=\"link-more\"><a href=\"https:\/\/www.psicologopablo.com\/index.php\/2021\/06\/21\/lo-de-dentro\/\" class=\"more-link\">Continuar leyendo<span class=\"screen-reader-text\"> \u00abLO DE DENTRO\u00bb<\/span><\/a><\/p>\n","protected":false},"author":1,"featured_media":193,"comment_status":"open","ping_status":"open","sticky":false,"template":"","format":"standard","meta":{"_monsterinsights_skip_tracking":false,"_monsterinsights_sitenote_active":false,"_monsterinsights_sitenote_note":"","_monsterinsights_sitenote_category":0,"footnotes":""},"categories":[5],"tags":[],"_links":{"self":[{"href":"https:\/\/www.psicologopablo.com\/index.php\/wp-json\/wp\/v2\/posts\/192"}],"collection":[{"href":"https:\/\/www.psicologopablo.com\/index.php\/wp-json\/wp\/v2\/posts"}],"about":[{"href":"https:\/\/www.psicologopablo.com\/index.php\/wp-json\/wp\/v2\/types\/post"}],"author":[{"embeddable":true,"href":"https:\/\/www.psicologopablo.com\/index.php\/wp-json\/wp\/v2\/users\/1"}],"replies":[{"embeddable":true,"href":"https:\/\/www.psicologopablo.com\/index.php\/wp-json\/wp\/v2\/comments?post=192"}],"version-history":[{"count":2,"href":"https:\/\/www.psicologopablo.com\/index.php\/wp-json\/wp\/v2\/posts\/192\/revisions"}],"predecessor-version":[{"id":195,"href":"https:\/\/www.psicologopablo.com\/index.php\/wp-json\/wp\/v2\/posts\/192\/revisions\/195"}],"wp:featuredmedia":[{"embeddable":true,"href":"https:\/\/www.psicologopablo.com\/index.php\/wp-json\/wp\/v2\/media\/193"}],"wp:attachment":[{"href":"https:\/\/www.psicologopablo.com\/index.php\/wp-json\/wp\/v2\/media?parent=192"}],"wp:term":[{"taxonomy":"category","embeddable":true,"href":"https:\/\/www.psicologopablo.com\/index.php\/wp-json\/wp\/v2\/categories?post=192"},{"taxonomy":"post_tag","embeddable":true,"href":"https:\/\/www.psicologopablo.com\/index.php\/wp-json\/wp\/v2\/tags?post=192"}],"curies":[{"name":"wp","href":"https:\/\/api.w.org\/{rel}","templated":true}]}}