{"id":136,"date":"2021-02-24T09:47:13","date_gmt":"2021-02-24T09:47:13","guid":{"rendered":"https:\/\/www.psicologopablo.com\/?p=136"},"modified":"2021-02-24T09:47:14","modified_gmt":"2021-02-24T09:47:14","slug":"eso-que-tu-te-das","status":"publish","type":"post","link":"https:\/\/www.psicologopablo.com\/index.php\/2021\/02\/24\/eso-que-tu-te-das\/","title":{"rendered":"ESO QUE T\u00da te DAS"},"content":{"rendered":"\n<h2 class=\"wp-block-heading\">Este pasado domingo hemos podido ver en televisi\u00f3n la magn\u00edfica entrevista que Jordi \u00c9vole realiz\u00f3 a Pau Don\u00e9s.<\/h2>\n\n\n\n<p>O quiz\u00e1s lo que vimos no fue una entrevista, m\u00e1s bien una revelaci\u00f3n.<\/p>\n\n\n\n<p>En \u201cEso que t\u00fa me das\u201d impresiona ver desde tan cerca el final de una vida, pero desde el minuto uno lo que m\u00e1s impresiona a\u00fan es sentir, tan de cerca, c\u00f3mo se habla de la vida.<\/p>\n\n\n\n<p>Del amor por la vida.<\/p>\n\n\n\n<p>Pau no habla desde la pantalla, habla desde el coraz\u00f3n.<\/p>\n\n\n\n<p>Momentos como esos nos hacen recapitular, detenernos a pensar, a sentir, a darnos cuenta, son momentos de un valor incalculable porque tienen un gran poder, lo podemos sentir.<\/p>\n\n\n\n<p>Sin embargo, por experiencia, sabemos que a veces resulta tan dif\u00edcil retenerlos como el agua en la palma de la mano.<\/p>\n\n\n\n<p>Los primeros d\u00edas son de total presencia, podemos planear cambios en nuestra vida o en nuestra forma de vivirla.<\/p>\n\n\n\n<p>Las primeras semanas va perdiendo algo de fuerza, todo ese poder parece que se va erosionando con nuestro d\u00eda a d\u00eda.<\/p>\n\n\n\n<p>Volvemos a enfadarnos y frustrarnos con cosas que hab\u00edamos visto que no eran tan importantes.<\/p>\n\n\n\n<p>Eso que pusimos lo primero de la lista vuelve a caer poco a poco a posiciones m\u00e1s retrasadas y olvidadas.<\/p>\n\n\n\n<p>Pasados los meses quiz\u00e1s ya nos hemos olvidado, quiz\u00e1s solo nos venga el recuerdo ante alg\u00fan comentario, ante alguien que vuelva a hacer resurgir el nombre de Pau.<\/p>\n\n\n\n<p>\u00bfPorqu\u00e9 aquello que nos hace bien, que sabemos que es bueno para nosotros, es tan f\u00e1cil dejar de hacerlo?<\/p>\n\n\n\n<p>Lo primero es ser consciente de que nuestros estilos de vida conllevan un ritmo muy r\u00e1pido, muchos deberes y quehaceres que nos impiden tener tiempo para parar y observar.<\/p>\n\n\n\n<p>As\u00ed mismo tambi\u00e9n tenemos cierto sentimiento de ego\u00edsmo cuando escuchamos hablar de cuidarse, de darse lo que uno necesita.<\/p>\n\n\n\n<p>Y por \u00faltimo, vivimos en una sociedad y cultura que no empuja al autoconocimiento ni al bienestar emocional.<\/p>\n\n\n\n<p>Todo lo contrario, empuja a estar pendiente de los dem\u00e1s y vivir entorno a ellos, en una carrera por no quedarse rezagado.<\/p>\n\n\n\n<p>La felicidad se encuentra de puertas a dentro, pero lo que nos ense\u00f1an es que la felicidad est\u00e1 de puertas a fuera.<\/p>\n\n\n\n<p>Por ello el t\u00edtulo de esta entrada.<\/p>\n\n\n\n<p>Hemos podido tener la suerte de que exista \u201cEso que t\u00fa me das\u201d.<\/p>\n\n\n\n<p>Sin embargo es un t\u00edtulo enga\u00f1oso, ya que Pau Don\u00e9s, lo que nos ense\u00f1a, es a querer y a amar Eso que t\u00fa TE das.<\/p>\n\n\n\n<p>Que sean nuestras manos las que nos acaricien, nuestro coraz\u00f3n el que nos ame, nuestra mente la que nos cuide y nuestro cuerpo el que nos lleve&#8230;<\/p>\n\n\n\n<p>\u00bfD\u00f3nde?<\/p>\n\n\n\n<p>Donde t\u00fa quieras.<\/p>\n\n\n\n<p><em>Pablo Fern\u00e1ndez D\u00edaz. Psic\u00f3logo. Psicoterapeuta Humanista Integrativo.<\/em><\/p>\n\n\n\n<p><\/p>\n","protected":false},"excerpt":{"rendered":"<p>Este pasado domingo hemos podido ver en televisi\u00f3n la magn\u00edfica entrevista que Jordi \u00c9vole realiz\u00f3 a Pau Don\u00e9s. O quiz\u00e1s lo que vimos no fue una entrevista, m\u00e1s bien una revelaci\u00f3n. En \u201cEso que t\u00fa me das\u201d impresiona ver desde tan cerca el final de una vida, pero desde el minuto uno lo que m\u00e1s &hellip; <\/p>\n<p class=\"link-more\"><a href=\"https:\/\/www.psicologopablo.com\/index.php\/2021\/02\/24\/eso-que-tu-te-das\/\" class=\"more-link\">Continuar leyendo<span class=\"screen-reader-text\"> \u00abESO QUE T\u00da te DAS\u00bb<\/span><\/a><\/p>\n","protected":false},"author":1,"featured_media":137,"comment_status":"open","ping_status":"open","sticky":false,"template":"","format":"standard","meta":{"_monsterinsights_skip_tracking":false,"_monsterinsights_sitenote_active":false,"_monsterinsights_sitenote_note":"","_monsterinsights_sitenote_category":0,"footnotes":""},"categories":[5],"tags":[],"_links":{"self":[{"href":"https:\/\/www.psicologopablo.com\/index.php\/wp-json\/wp\/v2\/posts\/136"}],"collection":[{"href":"https:\/\/www.psicologopablo.com\/index.php\/wp-json\/wp\/v2\/posts"}],"about":[{"href":"https:\/\/www.psicologopablo.com\/index.php\/wp-json\/wp\/v2\/types\/post"}],"author":[{"embeddable":true,"href":"https:\/\/www.psicologopablo.com\/index.php\/wp-json\/wp\/v2\/users\/1"}],"replies":[{"embeddable":true,"href":"https:\/\/www.psicologopablo.com\/index.php\/wp-json\/wp\/v2\/comments?post=136"}],"version-history":[{"count":1,"href":"https:\/\/www.psicologopablo.com\/index.php\/wp-json\/wp\/v2\/posts\/136\/revisions"}],"predecessor-version":[{"id":138,"href":"https:\/\/www.psicologopablo.com\/index.php\/wp-json\/wp\/v2\/posts\/136\/revisions\/138"}],"wp:featuredmedia":[{"embeddable":true,"href":"https:\/\/www.psicologopablo.com\/index.php\/wp-json\/wp\/v2\/media\/137"}],"wp:attachment":[{"href":"https:\/\/www.psicologopablo.com\/index.php\/wp-json\/wp\/v2\/media?parent=136"}],"wp:term":[{"taxonomy":"category","embeddable":true,"href":"https:\/\/www.psicologopablo.com\/index.php\/wp-json\/wp\/v2\/categories?post=136"},{"taxonomy":"post_tag","embeddable":true,"href":"https:\/\/www.psicologopablo.com\/index.php\/wp-json\/wp\/v2\/tags?post=136"}],"curies":[{"name":"wp","href":"https:\/\/api.w.org\/{rel}","templated":true}]}}