{"id":133,"date":"2021-02-17T18:29:59","date_gmt":"2021-02-17T18:29:59","guid":{"rendered":"https:\/\/www.psicologopablo.com\/?p=133"},"modified":"2021-02-17T18:30:00","modified_gmt":"2021-02-17T18:30:00","slug":"la-voz-interior","status":"publish","type":"post","link":"https:\/\/www.psicologopablo.com\/index.php\/2021\/02\/17\/la-voz-interior\/","title":{"rendered":"LA VOZ INTERIOR"},"content":{"rendered":"\n<h2 class=\"wp-block-heading\">Puede ser que en ocasiones te hayas descubierto hablando contigo mismo, en voz alta o en silencio, alent\u00e1ndote o reprendi\u00e9ndote. No te asustes, es normal. Es nuestra voz interior.<\/h2>\n\n\n\n<p>Por voz interior no nos referimos m\u00e1s que a nuestros pensamientos, al acto de hablar con nosotros mismos.<\/p>\n\n\n\n<p>Somos capaces de hacer esto porque somos auto conscientes, es decir, tenemos consciencia de nuestra presencia, de lo que sentimos y de lo que pensamos.<\/p>\n\n\n\n<p>Esto nos hace no ser meramente actores de nuestra vida, sino tambi\u00e9n guionistas y observadores de la misma.<\/p>\n\n\n\n<p>Es desde el puesto de observador desde el que podemos tomar distancia y analizar todo lo que nos rodea o sucede.<\/p>\n\n\n\n<p>En ocasiones nos asustamos y creemos que es algo malo, pero para nada, es m\u00e1s, lo bueno es poder llegar a ser plenamente consciente de ese di\u00e1logo.<\/p>\n\n\n\n<p>Nosotros mismos somos la persona con la que m\u00e1s hablamos en nuestra vida as\u00ed que es muy sano que seamos conscientes de ese di\u00e1logo.<\/p>\n\n\n\n<p>No serlo nos puede llevar a una comunicaci\u00f3n no solo ineficaz, sino tambi\u00e9n da\u00f1ina.<\/p>\n\n\n\n<p>Una comunicaci\u00f3n ineficaz puede ser generadora de ansiedad, puedo decirme: \u00abma\u00f1ana ser\u00e1 otro d\u00eda asqueroso\u00bb sin darme cuenta de que, primero, no s\u00e9 lo que va a pasar ma\u00f1ana, segundo, uso una palabra que impacta emocionalmente como \u00abasqueroso\u00bb.<\/p>\n\n\n\n<p>Una comunicaci\u00f3n da\u00f1ina se puede dar cuando se nos cae algo o cometemos un error, qu\u00e9 t\u00edpico es decirnos \u00abqu\u00e9 bobo soy\u00bb, \u00abqu\u00e9 tonta\u00bb. Insultarnos a nosotros mismos no es la mejor forma de labrar una relaci\u00f3n sana con nosotros mismos.<\/p>\n\n\n\n<p>Darse cuenta. Esa es la clave.<\/p>\n\n\n\n<p>Amarse, respetarse y perdonarse. Deber\u00edan ser las directrices que sigamos a la hora de hablar con nosotros mismos.<\/p>\n\n\n\n<p>Mejoraremos nuestra seguridad, nuestra autoestima, nuestra val\u00eda, nuestro amor propio, nuestra confianza&#8230;<\/p>\n\n\n\n<p>No hay salud sin un buen trato.<\/p>\n\n\n\n<p>Empieza por ti.<\/p>\n\n\n\n<p>Un abrazo.<\/p>\n\n\n\n<p><em>Pablo Fern\u00e1ndez D\u00edaz. Psic\u00f3logo. Psicoterapeuta Humanista Integrativo.<\/em><\/p>\n","protected":false},"excerpt":{"rendered":"<p>Puede ser que en ocasiones te hayas descubierto hablando contigo mismo, en voz alta o en silencio, alent\u00e1ndote o reprendi\u00e9ndote. No te asustes, es normal. Es nuestra voz interior. Por voz interior no nos referimos m\u00e1s que a nuestros pensamientos, al acto de hablar con nosotros mismos. Somos capaces de hacer esto porque somos auto &hellip; <\/p>\n<p class=\"link-more\"><a href=\"https:\/\/www.psicologopablo.com\/index.php\/2021\/02\/17\/la-voz-interior\/\" class=\"more-link\">Continuar leyendo<span class=\"screen-reader-text\"> \u00abLA VOZ INTERIOR\u00bb<\/span><\/a><\/p>\n","protected":false},"author":1,"featured_media":134,"comment_status":"open","ping_status":"open","sticky":false,"template":"","format":"standard","meta":{"_monsterinsights_skip_tracking":false,"_monsterinsights_sitenote_active":false,"_monsterinsights_sitenote_note":"","_monsterinsights_sitenote_category":0,"footnotes":""},"categories":[5],"tags":[],"_links":{"self":[{"href":"https:\/\/www.psicologopablo.com\/index.php\/wp-json\/wp\/v2\/posts\/133"}],"collection":[{"href":"https:\/\/www.psicologopablo.com\/index.php\/wp-json\/wp\/v2\/posts"}],"about":[{"href":"https:\/\/www.psicologopablo.com\/index.php\/wp-json\/wp\/v2\/types\/post"}],"author":[{"embeddable":true,"href":"https:\/\/www.psicologopablo.com\/index.php\/wp-json\/wp\/v2\/users\/1"}],"replies":[{"embeddable":true,"href":"https:\/\/www.psicologopablo.com\/index.php\/wp-json\/wp\/v2\/comments?post=133"}],"version-history":[{"count":1,"href":"https:\/\/www.psicologopablo.com\/index.php\/wp-json\/wp\/v2\/posts\/133\/revisions"}],"predecessor-version":[{"id":135,"href":"https:\/\/www.psicologopablo.com\/index.php\/wp-json\/wp\/v2\/posts\/133\/revisions\/135"}],"wp:featuredmedia":[{"embeddable":true,"href":"https:\/\/www.psicologopablo.com\/index.php\/wp-json\/wp\/v2\/media\/134"}],"wp:attachment":[{"href":"https:\/\/www.psicologopablo.com\/index.php\/wp-json\/wp\/v2\/media?parent=133"}],"wp:term":[{"taxonomy":"category","embeddable":true,"href":"https:\/\/www.psicologopablo.com\/index.php\/wp-json\/wp\/v2\/categories?post=133"},{"taxonomy":"post_tag","embeddable":true,"href":"https:\/\/www.psicologopablo.com\/index.php\/wp-json\/wp\/v2\/tags?post=133"}],"curies":[{"name":"wp","href":"https:\/\/api.w.org\/{rel}","templated":true}]}}