{"id":124,"date":"2021-02-01T10:14:17","date_gmt":"2021-02-01T10:14:17","guid":{"rendered":"https:\/\/www.psicologopablo.com\/?p=124"},"modified":"2021-02-01T10:15:52","modified_gmt":"2021-02-01T10:15:52","slug":"acerca-de-la-perfeccion","status":"publish","type":"post","link":"https:\/\/www.psicologopablo.com\/index.php\/2021\/02\/01\/acerca-de-la-perfeccion\/","title":{"rendered":"ACERCA DE LA PERFECCI\u00d3N"},"content":{"rendered":"\n<h2 class=\"wp-block-heading\">Ser perfecto es un ideal, no hay posibilidad de alcanzar la perfecci\u00f3n ya que esa perfecci\u00f3n siempre ser\u00e1 un constructor subjetivo, y hay miles de millones de subjetividades.<\/h2>\n\n\n\n<p><em>No me ha quedado perfecto.<\/em><\/p>\n\n\n\n<p><em>Podr\u00eda estar mejor.<\/em><\/p>\n\n\n\n<p><em>Quiero que salga perfecto.<\/em><\/p>\n\n\n\n<p><em>Si no es perfecto no me vale<\/em>.<\/p>\n\n\n\n<p><em>Est\u00e1 bien, pero la pr\u00f3xima vez que salga perfecto.<\/em><\/p>\n\n\n\n<p>Todo lo anterior son frases que hemos podido escuchar o decir, m\u00e1s o menos parecidas, a lo largo de nuestra vida.<\/p>\n\n\n\n<p>Tenemos una meta suprema, inalcanzable, que es la perfecci\u00f3n en las diversas \u00e1reas de nuestra vida.<\/p>\n\n\n\n<p>En lo laboral, en lo econ\u00f3mico, en lo social, en la pareja, en lo personal&#8230; las aspiraciones suelen ser en esa direcci\u00f3n.<\/p>\n\n\n\n<p>Las preguntas tambi\u00e9n suelen serlo: \u00bfC\u00f3mo ser\u00eda para ti la pareja perfecta? \u00bfy el trabajo perfecto? \u00bfy las vacaciones perfectas?<\/p>\n\n\n\n<p>No est\u00e1 mal plantearse un ideal, siempre y cuando nos perdamos de vista que es eso, algo ideal.<\/p>\n\n\n\n<p>El problema es cuando lo perfecto se confunde y se vuelve una necesidad, un anhelo y una obsesi\u00f3n.<\/p>\n\n\n\n<p>Cuando creemos que s\u00ed es algo alcanzable, y no solo alcanzable como opci\u00f3n, sino como obligaci\u00f3n, y pasamos a evaluarnos en base a cu\u00e1nto estamos de lejos con respecto a ello.<\/p>\n\n\n\n<p>Pero no hay nada perfecto, o por lo menos no deber\u00edamos tomarlo as\u00ed.<\/p>\n\n\n\n<p>Este momento puede ser un momento muy bueno, lectura, m\u00fasica de fondo, momento de calma despu\u00e9s de un d\u00eda intenso&#8230;<\/p>\n\n\n\n<p>Puede ser placentero, puede ser relajante, puede ser sanador&#8230; pero si lo etiquetamos de perfecto, cualquier peque\u00f1a intromisi\u00f3n, que se vaya la luz, que suene el tel\u00e9fono&#8230; puede provocar que todo eso se venga abajo.<\/p>\n\n\n\n<p>Nuestro humor cambiar\u00eda porque hemos perdido nuestro momento perfecto!<\/p>\n\n\n\n<p>Identificar\u00edamos que en lo perfecto no tiene cabida lo desagradable, lo inoportuno, los accidentes, los cambios, la incertidumbre<\/p>\n\n\n\n<p>Y eso nos llevar\u00eda a frustrarnos y a querer conseguir erradicar todo eso para que siga siendo perfecto.<\/p>\n\n\n\n<p>Enfocar la vida as\u00ed puede provocar mucha ansiedad.<\/p>\n\n\n\n<p>Si lo enfoco desde momentos buenos, placenteros, agradables&#8230; acepto que esos momentos tambi\u00e9n pueden verse alterados por mil situaciones.<\/p>\n\n\n\n<p>Pero tambi\u00e9n soy consciente de que eso existe, de que sigue siendo parte de la vida, y de que yo puedo volver a crear un momento de paz a\u00fan a riesgo de que me vuelva a sonar el m\u00f3vil.<\/p>\n\n\n\n<p>Porque no busco que sea perfecto, simplemente tener ese momento de paz o tranquilidad.<\/p>\n\n\n\n<p>No me estreso pensando en c\u00f3mo hacer para que nada falle porque as\u00ed nunca encontrar\u00e9 esa paz.<\/p>\n\n\n\n<p>Si algo no sale seg\u00fan lo planeado no me castigo por ello, porque eso es parte de la vida.<\/p>\n\n\n\n<p>No busco que sea perfecto, busco que sea.<\/p>\n\n\n\n<p>Y dentro de ese ser, disfrutarlo de la mejor manera.<\/p>\n\n\n\n<p><em>Pablo Fern\u00e1ndez D\u00edaz. Psic\u00f3logo. Psicoterapeuta Humanista Integrativo.<\/em><\/p>\n","protected":false},"excerpt":{"rendered":"<p>Ser perfecto es un ideal, no hay posibilidad de alcanzar la perfecci\u00f3n ya que esa perfecci\u00f3n siempre ser\u00e1 un constructor subjetivo, y hay miles de millones de subjetividades. No me ha quedado perfecto. Podr\u00eda estar mejor. Quiero que salga perfecto. Si no es perfecto no me vale. Est\u00e1 bien, pero la pr\u00f3xima vez que salga &hellip; <\/p>\n<p class=\"link-more\"><a href=\"https:\/\/www.psicologopablo.com\/index.php\/2021\/02\/01\/acerca-de-la-perfeccion\/\" class=\"more-link\">Continuar leyendo<span class=\"screen-reader-text\"> \u00abACERCA DE LA PERFECCI\u00d3N\u00bb<\/span><\/a><\/p>\n","protected":false},"author":1,"featured_media":125,"comment_status":"open","ping_status":"open","sticky":false,"template":"","format":"standard","meta":{"_monsterinsights_skip_tracking":false,"_monsterinsights_sitenote_active":false,"_monsterinsights_sitenote_note":"","_monsterinsights_sitenote_category":0,"footnotes":""},"categories":[5],"tags":[],"_links":{"self":[{"href":"https:\/\/www.psicologopablo.com\/index.php\/wp-json\/wp\/v2\/posts\/124"}],"collection":[{"href":"https:\/\/www.psicologopablo.com\/index.php\/wp-json\/wp\/v2\/posts"}],"about":[{"href":"https:\/\/www.psicologopablo.com\/index.php\/wp-json\/wp\/v2\/types\/post"}],"author":[{"embeddable":true,"href":"https:\/\/www.psicologopablo.com\/index.php\/wp-json\/wp\/v2\/users\/1"}],"replies":[{"embeddable":true,"href":"https:\/\/www.psicologopablo.com\/index.php\/wp-json\/wp\/v2\/comments?post=124"}],"version-history":[{"count":2,"href":"https:\/\/www.psicologopablo.com\/index.php\/wp-json\/wp\/v2\/posts\/124\/revisions"}],"predecessor-version":[{"id":127,"href":"https:\/\/www.psicologopablo.com\/index.php\/wp-json\/wp\/v2\/posts\/124\/revisions\/127"}],"wp:featuredmedia":[{"embeddable":true,"href":"https:\/\/www.psicologopablo.com\/index.php\/wp-json\/wp\/v2\/media\/125"}],"wp:attachment":[{"href":"https:\/\/www.psicologopablo.com\/index.php\/wp-json\/wp\/v2\/media?parent=124"}],"wp:term":[{"taxonomy":"category","embeddable":true,"href":"https:\/\/www.psicologopablo.com\/index.php\/wp-json\/wp\/v2\/categories?post=124"},{"taxonomy":"post_tag","embeddable":true,"href":"https:\/\/www.psicologopablo.com\/index.php\/wp-json\/wp\/v2\/tags?post=124"}],"curies":[{"name":"wp","href":"https:\/\/api.w.org\/{rel}","templated":true}]}}