{"id":121,"date":"2021-01-26T15:42:05","date_gmt":"2021-01-26T15:42:05","guid":{"rendered":"https:\/\/www.psicologopablo.com\/?p=121"},"modified":"2021-01-26T15:42:05","modified_gmt":"2021-01-26T15:42:05","slug":"con-perspectiva","status":"publish","type":"post","link":"https:\/\/www.psicologopablo.com\/index.php\/2021\/01\/26\/con-perspectiva\/","title":{"rendered":"CON PERSPECTIVA"},"content":{"rendered":"\n<h2 class=\"wp-block-heading\">Somos seres visuales, es muy importante para nosotros \u00abver\u00bb lo que sucede o va a suceder, \u00abmirar\u00bb por los dem\u00e1s, \u00abobservar\u00bb c\u00f3mo estamos&#8230;<\/h2>\n\n\n\n<p>A trav\u00e9s de nuestra imaginaci\u00f3n creamos escenarios, hablamos con personas e imaginamos un sin fin de situaciones del mismo modo que una pel\u00edcula o una obra de teatro.<\/p>\n\n\n\n<p>Pero a veces nos cuesta ver mas all\u00e1.<\/p>\n\n\n\n<p>En ocasiones lo vemos todo negro.<\/p>\n\n\n\n<p>Nos sentimos ciegos de ira o rabia.<\/p>\n\n\n\n<p>No somos capaces de enfocar metas u objetivos en la vida.<\/p>\n\n\n\n<p>Bien. Respira. Coge aire, inhala profundamente y suelta lentamente.<\/p>\n\n\n\n<p>Es importante en situaciones tristes, dolorosas, frustrantes&#8230; coger aire y elevarse, situarse a vista de p\u00e1jaro.<\/p>\n\n\n\n<p>Y, desde la distancia, volver a empezar a ver. No se trata de negar los sucesos presentes. Se trata de ser m\u00e1s justo.<\/p>\n\n\n\n<p>Seguro que no \u00abtodo\u00bb te ha ido mal en la vida, tampoco ser\u00e1 probable que \u00absiempre\u00bb te pasen a ti las cosas desagradables.<\/p>\n\n\n\n<p>Vuelve a ver lo que tienes e igual has situado en la sombra, vuelve a observar lo que has conseguido, de lo que has sido capaz, mira la gente que te quiere y apoya, enf\u00f3cate en el hoy y agarra lo que s\u00ed tienes.<\/p>\n\n\n\n<p>Mira tu ciudad, tu pa\u00eds, tu continente, el mundo, el universo. <\/p>\n\n\n\n<p>\u00bfPor qu\u00e9 puedes dar las gracias? \u00bfAbrir el grifo y que salga agua? \u00bfCu\u00e1nta gente en el mundo no tiene ese lujo?<\/p>\n\n\n\n<p>Vuelvo a repetir, no se trata de negar lo que nos sucede.<\/p>\n\n\n\n<p>Pero tampoco se trata de negar lo que s\u00ed nos sucede.<\/p>\n\n\n\n<p>Cuesti\u00f3n de perspectiva. Observar los dos lados, o igual tiene tres, o igual tiene cuatro.<\/p>\n\n\n\n<p>Observa y pon en perspectiva. Haz de lo que te sucede en este momento una raz\u00f3n para seguir. <\/p>\n\n\n\n<p>Obs\u00e9rvate en el espejo. Te debes a ti. Ac\u00e9rcate. <\/p>\n\n\n\n<p>Como dice la letra de una canci\u00f3n \u00ab<em>si hab\u00eda sombras es que siempre hubo luz<\/em>\u00ab<\/p>\n\n\n\n<p><em>Pablo Fern\u00e1ndez D\u00edaz. Psic\u00f3logo. Psicoterapeuta Humanista.<\/em><\/p>\n","protected":false},"excerpt":{"rendered":"<p>Somos seres visuales, es muy importante para nosotros \u00abver\u00bb lo que sucede o va a suceder, \u00abmirar\u00bb por los dem\u00e1s, \u00abobservar\u00bb c\u00f3mo estamos&#8230; A trav\u00e9s de nuestra imaginaci\u00f3n creamos escenarios, hablamos con personas e imaginamos un sin fin de situaciones del mismo modo que una pel\u00edcula o una obra de teatro. Pero a veces nos &hellip; <\/p>\n<p class=\"link-more\"><a href=\"https:\/\/www.psicologopablo.com\/index.php\/2021\/01\/26\/con-perspectiva\/\" class=\"more-link\">Continuar leyendo<span class=\"screen-reader-text\"> \u00abCON PERSPECTIVA\u00bb<\/span><\/a><\/p>\n","protected":false},"author":1,"featured_media":122,"comment_status":"open","ping_status":"open","sticky":false,"template":"","format":"standard","meta":{"_monsterinsights_skip_tracking":false,"_monsterinsights_sitenote_active":false,"_monsterinsights_sitenote_note":"","_monsterinsights_sitenote_category":0,"footnotes":""},"categories":[5],"tags":[],"_links":{"self":[{"href":"https:\/\/www.psicologopablo.com\/index.php\/wp-json\/wp\/v2\/posts\/121"}],"collection":[{"href":"https:\/\/www.psicologopablo.com\/index.php\/wp-json\/wp\/v2\/posts"}],"about":[{"href":"https:\/\/www.psicologopablo.com\/index.php\/wp-json\/wp\/v2\/types\/post"}],"author":[{"embeddable":true,"href":"https:\/\/www.psicologopablo.com\/index.php\/wp-json\/wp\/v2\/users\/1"}],"replies":[{"embeddable":true,"href":"https:\/\/www.psicologopablo.com\/index.php\/wp-json\/wp\/v2\/comments?post=121"}],"version-history":[{"count":1,"href":"https:\/\/www.psicologopablo.com\/index.php\/wp-json\/wp\/v2\/posts\/121\/revisions"}],"predecessor-version":[{"id":123,"href":"https:\/\/www.psicologopablo.com\/index.php\/wp-json\/wp\/v2\/posts\/121\/revisions\/123"}],"wp:featuredmedia":[{"embeddable":true,"href":"https:\/\/www.psicologopablo.com\/index.php\/wp-json\/wp\/v2\/media\/122"}],"wp:attachment":[{"href":"https:\/\/www.psicologopablo.com\/index.php\/wp-json\/wp\/v2\/media?parent=121"}],"wp:term":[{"taxonomy":"category","embeddable":true,"href":"https:\/\/www.psicologopablo.com\/index.php\/wp-json\/wp\/v2\/categories?post=121"},{"taxonomy":"post_tag","embeddable":true,"href":"https:\/\/www.psicologopablo.com\/index.php\/wp-json\/wp\/v2\/tags?post=121"}],"curies":[{"name":"wp","href":"https:\/\/api.w.org\/{rel}","templated":true}]}}