{"id":113,"date":"2021-01-12T09:42:49","date_gmt":"2021-01-12T09:42:49","guid":{"rendered":"https:\/\/www.psicologopablo.com\/?p=113"},"modified":"2021-01-12T09:42:50","modified_gmt":"2021-01-12T09:42:50","slug":"es-posible-el-cambio","status":"publish","type":"post","link":"https:\/\/www.psicologopablo.com\/index.php\/2021\/01\/12\/es-posible-el-cambio\/","title":{"rendered":"\u00bfES POSIBLE EL CAMBIO?"},"content":{"rendered":"\n<p>En ocasiones, cuando las personas acudimos a terapia, nos hacemos la siguiente pregunta: \u00bfde verdad puedo cambiar?<\/p>\n\n\n\n<p>Hay algo que nos hace dudar de que pueda dejar atr\u00e1s mis miedos, mis inseguridades, mi estado emocional, superar la adversidad de una p\u00e9rdida&#8230;<\/p>\n\n\n\n<p>Llevamos mucho tiempo escuchando que uno es como es, que es as\u00ed y ya est\u00e1, que aunque la mona se vista de seda&#8230; yo soy as\u00ed y ya est\u00e1.<\/p>\n\n\n\n<p>Sin embargo el cambio es posible, absolutamente.<\/p>\n\n\n\n<p>Esto es debido a que, aunque parte de la personalidad pueda tener un componente biol\u00f3gico, mucha otra parte ha ido conform\u00e1ndose a trav\u00e9s de aprendizajes.<\/p>\n\n\n\n<p>Desde el minuto cero nos adaptamos a nuestro entorno, a nuestros padres, a nuestras situaciones y circunstancias.<\/p>\n\n\n\n<p>Estamos en constante adaptaci\u00f3n.<\/p>\n\n\n\n<p>Es por ello que es importante conocer y descubrir de forma consciente todas aquellas armas y estrategias que desarrollamos a nivel inconsciente desde la infancia.<\/p>\n\n\n\n<p>Esto nos permite aprender otras, decidir c\u00f3mo y de qu\u00e9 forma usarlas e ir acostumbr\u00e1ndonos a dejar de lado aquellas que nos pueden ser da\u00f1inas.<\/p>\n\n\n\n<p>Por todo ello el cambio es posible, se trata de volver a readaptarse pero, esta vez, eligiendo nosotros como adultos las mejores estrategias.<\/p>\n\n\n\n<p>Se puede aprender a identificar emociones, a sentirlas en el cuerpo, a \u00abescucharlas\u00bb, darse cuenta de c\u00f3mo pienso y qu\u00e9 me digo&#8230;<\/p>\n\n\n\n<p>Usando un s\u00edmil ser\u00eda el paso de conducir un coche y usarlo diariamente a empezar a abrir el cap\u00f3 y descubrir nombre y funcionamiento de cada pieza y mecanismo.<\/p>\n\n\n\n<p>As\u00ed uno va viendo conexiones, va d\u00e1ndose cuenta de c\u00f3mo un mal funcionamiento o pensamiento puede conllevar una mala emoci\u00f3n.<\/p>\n\n\n\n<p>Va trabajando el presente, va ganando en confianza, en autoestima, en respeto hacia uno mismo&#8230;<\/p>\n\n\n\n<p>En definitiva, empieza a vivir plenamente. Y no, no se trata de estar siempre feliz o conseguir que los problemas se terminen para siempre.<\/p>\n\n\n\n<p>Se trata de que, pase lo que pase, tener la seguridad en mi para vivirlo, sentirlo, dejarlo ir, y seguir viviendo.<\/p>\n\n\n\n<p><em>Pablo Fern\u00e1ndez D\u00edaz. Psic\u00f3logo. Psicoterapeuta Humanista.<\/em><\/p>\n\n\n\n<p><\/p>\n","protected":false},"excerpt":{"rendered":"<p>En ocasiones, cuando las personas acudimos a terapia, nos hacemos la siguiente pregunta: \u00bfde verdad puedo cambiar? Hay algo que nos hace dudar de que pueda dejar atr\u00e1s mis miedos, mis inseguridades, mi estado emocional, superar la adversidad de una p\u00e9rdida&#8230; Llevamos mucho tiempo escuchando que uno es como es, que es as\u00ed y ya &hellip; <\/p>\n<p class=\"link-more\"><a href=\"https:\/\/www.psicologopablo.com\/index.php\/2021\/01\/12\/es-posible-el-cambio\/\" class=\"more-link\">Continuar leyendo<span class=\"screen-reader-text\"> \u00ab\u00bfES POSIBLE EL CAMBIO?\u00bb<\/span><\/a><\/p>\n","protected":false},"author":1,"featured_media":114,"comment_status":"open","ping_status":"open","sticky":false,"template":"","format":"standard","meta":{"_monsterinsights_skip_tracking":false,"_monsterinsights_sitenote_active":false,"_monsterinsights_sitenote_note":"","_monsterinsights_sitenote_category":0,"footnotes":""},"categories":[5],"tags":[],"_links":{"self":[{"href":"https:\/\/www.psicologopablo.com\/index.php\/wp-json\/wp\/v2\/posts\/113"}],"collection":[{"href":"https:\/\/www.psicologopablo.com\/index.php\/wp-json\/wp\/v2\/posts"}],"about":[{"href":"https:\/\/www.psicologopablo.com\/index.php\/wp-json\/wp\/v2\/types\/post"}],"author":[{"embeddable":true,"href":"https:\/\/www.psicologopablo.com\/index.php\/wp-json\/wp\/v2\/users\/1"}],"replies":[{"embeddable":true,"href":"https:\/\/www.psicologopablo.com\/index.php\/wp-json\/wp\/v2\/comments?post=113"}],"version-history":[{"count":1,"href":"https:\/\/www.psicologopablo.com\/index.php\/wp-json\/wp\/v2\/posts\/113\/revisions"}],"predecessor-version":[{"id":115,"href":"https:\/\/www.psicologopablo.com\/index.php\/wp-json\/wp\/v2\/posts\/113\/revisions\/115"}],"wp:featuredmedia":[{"embeddable":true,"href":"https:\/\/www.psicologopablo.com\/index.php\/wp-json\/wp\/v2\/media\/114"}],"wp:attachment":[{"href":"https:\/\/www.psicologopablo.com\/index.php\/wp-json\/wp\/v2\/media?parent=113"}],"wp:term":[{"taxonomy":"category","embeddable":true,"href":"https:\/\/www.psicologopablo.com\/index.php\/wp-json\/wp\/v2\/categories?post=113"},{"taxonomy":"post_tag","embeddable":true,"href":"https:\/\/www.psicologopablo.com\/index.php\/wp-json\/wp\/v2\/tags?post=113"}],"curies":[{"name":"wp","href":"https:\/\/api.w.org\/{rel}","templated":true}]}}