{"id":110,"date":"2021-01-04T18:16:26","date_gmt":"2021-01-04T18:16:26","guid":{"rendered":"https:\/\/www.psicologopablo.com\/?p=110"},"modified":"2021-01-04T18:16:27","modified_gmt":"2021-01-04T18:16:27","slug":"sobre-el-sentido-de-la-vida","status":"publish","type":"post","link":"https:\/\/www.psicologopablo.com\/index.php\/2021\/01\/04\/sobre-el-sentido-de-la-vida\/","title":{"rendered":"SOBRE EL SENTIDO DE LA VIDA"},"content":{"rendered":"\n<p>Cu\u00e1ntas veces hemos oido o le\u00eddo acerca del sentido de la vida, de buscarlo, de c\u00f3mo encontrarlo, de si existe un sentido o no&#8230;<\/p>\n\n\n\n<p>Ciertamente es un asunto complejo, algo encarado a la subjetividad de cada individuo, por ello vamos a contemplarlo desde dicho punto de vista.<\/p>\n\n\n\n<p>Empecemos por separar la vida del individuo, es decir, entendamos por vida todo aquello que sucede sin tener nosotros un control sobre ello.<\/p>\n\n\n\n<p>La vida entendida como el universo, toda la materia y seres que en \u00e9l habitan, todo aquello que podemos conocer y todo aquello que a\u00fan desconocemos.<\/p>\n\n\n\n<p>La vida como el medio ambiente donde habitamos, nosotros pertenecemos a la vida, la vida no nos pertenece a nosotros.<\/p>\n\n\n\n<p>Lo que s\u00ed es cierto es que nuestra propia vida, la del individuo que cada uno somos,  s\u00ed que es nuestra responsabilidad.<\/p>\n\n\n\n<p>Pero es importante observar que cada ser humano es \u00fanico e irrepetible.<\/p>\n\n\n\n<p> Esto es muy importante.<\/p>\n\n\n\n<p>Nos relacionamos con la vida a trav\u00e9s de nuestros sentidos y nuestro entendimiento, es decir, hacemos una interpretaci\u00f3n de lo que nos ocurre y lo que sucede.<\/p>\n\n\n\n<p>Y como cada ser es \u00fanico e irrepetible tambi\u00e9n cada uno hace una interpretaci\u00f3n de la vida.<\/p>\n\n\n\n<p>De ah\u00ed que no es que la vida tenga un sentido que debemos descubrir, sino que cada uno de nosotros le va a dar un sentido a la vida, a la suya en particular y a la que le rodea en general.<\/p>\n\n\n\n<p>Darse cuenta de que soy el creador de esta interpretaci\u00f3n es muy importante.<\/p>\n\n\n\n<p>Sin esta consciencia interpretar\u00e9 autom\u00e1ticamente y creer\u00e9 que mi vida no est\u00e1 en mis manos sino en las circunstancias que me ocurran.<\/p>\n\n\n\n<p>La vida genera una serie de circunstancias por ejemplo la pandemia, pero dentro de esas circunstancias cada uno decide.<\/p>\n\n\n\n<p>Y decidimos desde NUESTRA interpretaci\u00f3n de esas situaciones y circunstancias.<\/p>\n\n\n\n<p>De ah\u00ed que a veces sea tan importante tener un tiempo para ver c\u00f3mo interpreto la vida, mi vida, la vida de los dem\u00e1s, mis relaciones.<\/p>\n\n\n\n<p>Cambiar esta interpretaci\u00f3n y hacerla reposar en mis manos es parte del bienestar vital.<\/p>\n\n\n\n<p>Una interpretaci\u00f3n da\u00f1ina o err\u00f3nea puede provocar una vida de sufrimiento.<\/p>\n\n\n\n<p>La vida no tiene un sentido. <\/p>\n\n\n\n<p>Cada uno debe d\u00e1rselo, cada d\u00eda, cada hora.<\/p>\n\n\n\n<p>Usa este poder a tu favor.<\/p>\n\n\n\n<p><em>Pablo Fern\u00e1ndez. Psic\u00f3logo. Psicoterapeuta Humanista<\/em><\/p>\n","protected":false},"excerpt":{"rendered":"<p>Cu\u00e1ntas veces hemos oido o le\u00eddo acerca del sentido de la vida, de buscarlo, de c\u00f3mo encontrarlo, de si existe un sentido o no&#8230; Ciertamente es un asunto complejo, algo encarado a la subjetividad de cada individuo, por ello vamos a contemplarlo desde dicho punto de vista. Empecemos por separar la vida del individuo, es &hellip; <\/p>\n<p class=\"link-more\"><a href=\"https:\/\/www.psicologopablo.com\/index.php\/2021\/01\/04\/sobre-el-sentido-de-la-vida\/\" class=\"more-link\">Continuar leyendo<span class=\"screen-reader-text\"> \u00abSOBRE EL SENTIDO DE LA VIDA\u00bb<\/span><\/a><\/p>\n","protected":false},"author":1,"featured_media":111,"comment_status":"open","ping_status":"open","sticky":false,"template":"","format":"standard","meta":{"_monsterinsights_skip_tracking":false,"_monsterinsights_sitenote_active":false,"_monsterinsights_sitenote_note":"","_monsterinsights_sitenote_category":0,"footnotes":""},"categories":[5],"tags":[],"_links":{"self":[{"href":"https:\/\/www.psicologopablo.com\/index.php\/wp-json\/wp\/v2\/posts\/110"}],"collection":[{"href":"https:\/\/www.psicologopablo.com\/index.php\/wp-json\/wp\/v2\/posts"}],"about":[{"href":"https:\/\/www.psicologopablo.com\/index.php\/wp-json\/wp\/v2\/types\/post"}],"author":[{"embeddable":true,"href":"https:\/\/www.psicologopablo.com\/index.php\/wp-json\/wp\/v2\/users\/1"}],"replies":[{"embeddable":true,"href":"https:\/\/www.psicologopablo.com\/index.php\/wp-json\/wp\/v2\/comments?post=110"}],"version-history":[{"count":1,"href":"https:\/\/www.psicologopablo.com\/index.php\/wp-json\/wp\/v2\/posts\/110\/revisions"}],"predecessor-version":[{"id":112,"href":"https:\/\/www.psicologopablo.com\/index.php\/wp-json\/wp\/v2\/posts\/110\/revisions\/112"}],"wp:featuredmedia":[{"embeddable":true,"href":"https:\/\/www.psicologopablo.com\/index.php\/wp-json\/wp\/v2\/media\/111"}],"wp:attachment":[{"href":"https:\/\/www.psicologopablo.com\/index.php\/wp-json\/wp\/v2\/media?parent=110"}],"wp:term":[{"taxonomy":"category","embeddable":true,"href":"https:\/\/www.psicologopablo.com\/index.php\/wp-json\/wp\/v2\/categories?post=110"},{"taxonomy":"post_tag","embeddable":true,"href":"https:\/\/www.psicologopablo.com\/index.php\/wp-json\/wp\/v2\/tags?post=110"}],"curies":[{"name":"wp","href":"https:\/\/api.w.org\/{rel}","templated":true}]}}